{"id":226,"date":"2021-11-29T11:09:38","date_gmt":"2021-11-29T11:09:38","guid":{"rendered":"https:\/\/judo4bjj.de\/?p=226"},"modified":"2021-11-29T11:11:27","modified_gmt":"2021-11-29T11:11:27","slug":"guertelpruefung-november-2021-im-judo-kinder-jugendliche-und-erwachsene","status":"publish","type":"post","link":"https:\/\/judo4bjj.de\/?p=226","title":{"rendered":"G\u00fcrtelpr\u00fcfung November 2021 im Judo &#8211; Kinder, Jugendliche und Erwachsene"},"content":{"rendered":"<p>Am Freitag den 26. November fand die G\u00fcrtelpr\u00fcfung im Judo f\u00fcr unsere Judo-Kinder, die Jugendlichen und, zum ersten Mal seit langem, auch f\u00fcr Erwachsene statt. Ein gro\u00dfes Lob verdienen die Eltern, die zusammen mit ihren Kindern mit dem Judo begonnen haben und nun ihre erste Graduierung erhielten. Es galten selbstverst\u00e4ndlich die 2G-Regeln.<\/p>\n<figure id=\"attachment_228\" aria-describedby=\"caption-attachment-228\" style=\"width: 1435px\" class=\"wp-caption aligncenter\"><img loading=\"lazy\" decoding=\"async\" class=\" wp-image-228\" src=\"https:\/\/judo4bjj.de\/wp-content\/uploads\/2021\/11\/IMGP9526-3-scaled.jpg\" alt=\"\" width=\"1435\" height=\"954\" srcset=\"https:\/\/judo4bjj.de\/wp-content\/uploads\/2021\/11\/IMGP9526-3-scaled.jpg 2560w, https:\/\/judo4bjj.de\/wp-content\/uploads\/2021\/11\/IMGP9526-3-300x199.jpg 300w, https:\/\/judo4bjj.de\/wp-content\/uploads\/2021\/11\/IMGP9526-3-1024x681.jpg 1024w, https:\/\/judo4bjj.de\/wp-content\/uploads\/2021\/11\/IMGP9526-3-768x511.jpg 768w, https:\/\/judo4bjj.de\/wp-content\/uploads\/2021\/11\/IMGP9526-3-1536x1021.jpg 1536w, https:\/\/judo4bjj.de\/wp-content\/uploads\/2021\/11\/IMGP9526-3-2048x1362.jpg 2048w, https:\/\/judo4bjj.de\/wp-content\/uploads\/2021\/11\/IMGP9526-3-700x465.jpg 700w\" sizes=\"auto, (max-width: 1435px) 100vw, 1435px\" \/><figcaption id=\"caption-attachment-228\" class=\"wp-caption-text\">TV06 Jahn Kapellen Judo<\/figcaption><\/figure>\n<p>Alle Pr\u00fcflinge haben bestanden und konnten stolz den neuen G\u00fcrtel, \u00fcberreicht durch Werner Lehnen und Nils\u00a0 Gottschaldt, entgegen nehmen.<\/p>\n<figure id=\"attachment_232\" aria-describedby=\"caption-attachment-232\" style=\"width: 1376px\" class=\"wp-caption aligncenter\"><img loading=\"lazy\" decoding=\"async\" class=\" wp-image-232\" src=\"https:\/\/judo4bjj.de\/wp-content\/uploads\/2021\/11\/IMGP9506-2-scaled.jpg\" alt=\"TV06 Jahn Kapellen Judo\" width=\"1376\" height=\"699\" srcset=\"https:\/\/judo4bjj.de\/wp-content\/uploads\/2021\/11\/IMGP9506-2-scaled.jpg 2560w, https:\/\/judo4bjj.de\/wp-content\/uploads\/2021\/11\/IMGP9506-2-300x152.jpg 300w, https:\/\/judo4bjj.de\/wp-content\/uploads\/2021\/11\/IMGP9506-2-1024x520.jpg 1024w, https:\/\/judo4bjj.de\/wp-content\/uploads\/2021\/11\/IMGP9506-2-768x390.jpg 768w, https:\/\/judo4bjj.de\/wp-content\/uploads\/2021\/11\/IMGP9506-2-1536x780.jpg 1536w, https:\/\/judo4bjj.de\/wp-content\/uploads\/2021\/11\/IMGP9506-2-2048x1040.jpg 2048w\" sizes=\"auto, (max-width: 1376px) 100vw, 1376px\" \/><figcaption id=\"caption-attachment-232\" class=\"wp-caption-text\">TV06 Jahn Kapellen Judo<\/figcaption><\/figure>\n<p>Hervorzuheben sind die guten Leistungen unserer neuen Gr\u00fcngurte in der Nage-No-Kata.<\/p>\n<figure id=\"attachment_229\" aria-describedby=\"caption-attachment-229\" style=\"width: 1428px\" class=\"wp-caption aligncenter\"><img loading=\"lazy\" decoding=\"async\" class=\" wp-image-229\" src=\"https:\/\/judo4bjj.de\/wp-content\/uploads\/2021\/11\/IMGP9498-2-scaled.jpg\" alt=\"TV06 Jahn Kapellen Judo\" width=\"1428\" height=\"742\" srcset=\"https:\/\/judo4bjj.de\/wp-content\/uploads\/2021\/11\/IMGP9498-2-scaled.jpg 2560w, https:\/\/judo4bjj.de\/wp-content\/uploads\/2021\/11\/IMGP9498-2-300x156.jpg 300w, https:\/\/judo4bjj.de\/wp-content\/uploads\/2021\/11\/IMGP9498-2-1024x532.jpg 1024w, https:\/\/judo4bjj.de\/wp-content\/uploads\/2021\/11\/IMGP9498-2-768x399.jpg 768w, https:\/\/judo4bjj.de\/wp-content\/uploads\/2021\/11\/IMGP9498-2-1536x798.jpg 1536w, https:\/\/judo4bjj.de\/wp-content\/uploads\/2021\/11\/IMGP9498-2-2048x1064.jpg 2048w\" sizes=\"auto, (max-width: 1428px) 100vw, 1428px\" \/><figcaption id=\"caption-attachment-229\" class=\"wp-caption-text\">TV06 Jahn Kapellen Judo<\/figcaption><\/figure>\n","protected":false},"excerpt":{"rendered":"<p>Am Freitag den 26. November fand die G\u00fcrtelpr\u00fcfung im Judo f\u00fcr unsere Judo-Kinder, die Jugendlichen und, zum ersten Mal seit langem, auch f\u00fcr Erwachsene statt. Ein gro\u00dfes Lob verdienen die Eltern, die zusammen mit ihren Kindern mit dem Judo begonnen haben und nun ihre erste Graduierung erhielten. Es galten selbstverst\u00e4ndlich die 2G-Regeln. Alle Pr\u00fcflinge haben bestanden und konnten stolz den neuen G\u00fcrtel, \u00fcberreicht durch Werner Lehnen und Nils\u00a0 Gottschaldt, entgegen nehmen. Hervorzuheben sind die guten Leistungen unserer neuen Gr\u00fcngurte in &hellip; <\/p>\n","protected":false},"author":1,"featured_media":228,"comment_status":"open","ping_status":"open","sticky":false,"template":"","format":"standard","meta":{"_jetpack_memberships_contains_paid_content":false,"footnotes":""},"categories":[4],"tags":[44,7,45,43],"class_list":["post-226","post","type-post","status-publish","format-standard","has-post-thumbnail","hentry","category-judo","tag-guertelpruefung","tag-judo","tag-kata","tag-tv06-jahn-kapellen"],"jetpack_featured_media_url":"https:\/\/judo4bjj.de\/wp-content\/uploads\/2021\/11\/IMGP9526-3-scaled.jpg","jetpack_sharing_enabled":true,"_links":{"self":[{"href":"https:\/\/judo4bjj.de\/index.php?rest_route=\/wp\/v2\/posts\/226","targetHints":{"allow":["GET"]}}],"collection":[{"href":"https:\/\/judo4bjj.de\/index.php?rest_route=\/wp\/v2\/posts"}],"about":[{"href":"https:\/\/judo4bjj.de\/index.php?rest_route=\/wp\/v2\/types\/post"}],"author":[{"embeddable":true,"href":"https:\/\/judo4bjj.de\/index.php?rest_route=\/wp\/v2\/users\/1"}],"replies":[{"embeddable":true,"href":"https:\/\/judo4bjj.de\/index.php?rest_route=%2Fwp%2Fv2%2Fcomments&post=226"}],"version-history":[{"count":4,"href":"https:\/\/judo4bjj.de\/index.php?rest_route=\/wp\/v2\/posts\/226\/revisions"}],"predecessor-version":[{"id":233,"href":"https:\/\/judo4bjj.de\/index.php?rest_route=\/wp\/v2\/posts\/226\/revisions\/233"}],"wp:featuredmedia":[{"embeddable":true,"href":"https:\/\/judo4bjj.de\/index.php?rest_route=\/wp\/v2\/media\/228"}],"wp:attachment":[{"href":"https:\/\/judo4bjj.de\/index.php?rest_route=%2Fwp%2Fv2%2Fmedia&parent=226"}],"wp:term":[{"taxonomy":"category","embeddable":true,"href":"https:\/\/judo4bjj.de\/index.php?rest_route=%2Fwp%2Fv2%2Fcategories&post=226"},{"taxonomy":"post_tag","embeddable":true,"href":"https:\/\/judo4bjj.de\/index.php?rest_route=%2Fwp%2Fv2%2Ftags&post=226"}],"curies":[{"name":"wp","href":"https:\/\/api.w.org\/{rel}","templated":true}]}}