{"id":248,"date":"2022-03-30T07:48:41","date_gmt":"2022-03-30T07:48:41","guid":{"rendered":"https:\/\/judo4bjj.de\/?p=248"},"modified":"2022-03-30T08:21:13","modified_gmt":"2022-03-30T08:21:13","slug":"kleine-guertelpruefung-am-25-maerz","status":"publish","type":"post","link":"https:\/\/judo4bjj.de\/?p=248","title":{"rendered":"Kleine G\u00fcrtelpr\u00fcfung am 25. M\u00e4rz"},"content":{"rendered":"<p>Am 25. M\u00e4rz fand eine kleine G\u00fcrtelpr\u00fcfung bei uns statt, das gezeigte Niveau f\u00fcr die entsprechende Graduierung fiel erfreulich hoch aus. Leider konnten diesmal verletzungs- oder krankheitsbedingt nicht alle Erwachsenen teilnehmen, daf\u00fcr wird dann die n\u00e4chste Pr\u00fcfung umso gr\u00f6\u00dfer und selbstverst\u00e4ndlich noch besser. Wir gratulieren allen Pr\u00fcflingen zum neuen G\u00fcrtel!<\/p>\n<figure id=\"attachment_249\" aria-describedby=\"caption-attachment-249\" style=\"width: 1024px\" class=\"wp-caption aligncenter\"><img loading=\"lazy\" decoding=\"async\" class=\"size-full wp-image-249\" src=\"https:\/\/judo4bjj.de\/wp-content\/uploads\/2022\/03\/IMG-20220325-WA0005.jpg\" alt=\"\" width=\"1024\" height=\"768\" srcset=\"https:\/\/judo4bjj.de\/wp-content\/uploads\/2022\/03\/IMG-20220325-WA0005.jpg 1024w, https:\/\/judo4bjj.de\/wp-content\/uploads\/2022\/03\/IMG-20220325-WA0005-300x225.jpg 300w, https:\/\/judo4bjj.de\/wp-content\/uploads\/2022\/03\/IMG-20220325-WA0005-768x576.jpg 768w\" sizes=\"auto, (max-width: 1024px) 100vw, 1024px\" \/><figcaption id=\"caption-attachment-249\" class=\"wp-caption-text\">G\u00fcrtelpr\u00fcfung am 25. M\u00e4rz 2022<\/figcaption><\/figure>\n","protected":false},"excerpt":{"rendered":"<p>Am 25. M\u00e4rz fand eine kleine G\u00fcrtelpr\u00fcfung bei uns statt, das gezeigte Niveau f\u00fcr die entsprechende Graduierung fiel erfreulich hoch aus. Leider konnten diesmal verletzungs- oder krankheitsbedingt nicht alle Erwachsenen teilnehmen, daf\u00fcr wird dann die n\u00e4chste Pr\u00fcfung umso gr\u00f6\u00dfer und selbstverst\u00e4ndlich noch besser. Wir gratulieren allen Pr\u00fcflingen zum neuen G\u00fcrtel!<\/p>\n","protected":false},"author":1,"featured_media":249,"comment_status":"open","ping_status":"open","sticky":false,"template":"","format":"standard","meta":{"_jetpack_memberships_contains_paid_content":false,"footnotes":""},"categories":[1,4],"tags":[44,7],"class_list":["post-248","post","type-post","status-publish","format-standard","has-post-thumbnail","hentry","category-allgemein","category-judo","tag-guertelpruefung","tag-judo"],"jetpack_featured_media_url":"https:\/\/judo4bjj.de\/wp-content\/uploads\/2022\/03\/IMG-20220325-WA0005.jpg","jetpack_sharing_enabled":true,"_links":{"self":[{"href":"https:\/\/judo4bjj.de\/index.php?rest_route=\/wp\/v2\/posts\/248","targetHints":{"allow":["GET"]}}],"collection":[{"href":"https:\/\/judo4bjj.de\/index.php?rest_route=\/wp\/v2\/posts"}],"about":[{"href":"https:\/\/judo4bjj.de\/index.php?rest_route=\/wp\/v2\/types\/post"}],"author":[{"embeddable":true,"href":"https:\/\/judo4bjj.de\/index.php?rest_route=\/wp\/v2\/users\/1"}],"replies":[{"embeddable":true,"href":"https:\/\/judo4bjj.de\/index.php?rest_route=%2Fwp%2Fv2%2Fcomments&post=248"}],"version-history":[{"count":2,"href":"https:\/\/judo4bjj.de\/index.php?rest_route=\/wp\/v2\/posts\/248\/revisions"}],"predecessor-version":[{"id":255,"href":"https:\/\/judo4bjj.de\/index.php?rest_route=\/wp\/v2\/posts\/248\/revisions\/255"}],"wp:featuredmedia":[{"embeddable":true,"href":"https:\/\/judo4bjj.de\/index.php?rest_route=\/wp\/v2\/media\/249"}],"wp:attachment":[{"href":"https:\/\/judo4bjj.de\/index.php?rest_route=%2Fwp%2Fv2%2Fmedia&parent=248"}],"wp:term":[{"taxonomy":"category","embeddable":true,"href":"https:\/\/judo4bjj.de\/index.php?rest_route=%2Fwp%2Fv2%2Fcategories&post=248"},{"taxonomy":"post_tag","embeddable":true,"href":"https:\/\/judo4bjj.de\/index.php?rest_route=%2Fwp%2Fv2%2Ftags&post=248"}],"curies":[{"name":"wp","href":"https:\/\/api.w.org\/{rel}","templated":true}]}}