{"id":424,"date":"2025-03-19T13:09:38","date_gmt":"2025-03-19T13:09:38","guid":{"rendered":"https:\/\/judo4bjj.de\/?p=424"},"modified":"2025-03-19T13:09:38","modified_gmt":"2025-03-19T13:09:38","slug":"judo-tv-jahn-kapellen-erwachsenengruppe-im-maerz-2025","status":"publish","type":"post","link":"https:\/\/judo4bjj.de\/?p=424","title":{"rendered":"Judo TV-Jahn-Kapellen Erwachsenengruppe im M\u00e4rz 2025"},"content":{"rendered":"<p>Ein gut besuchter Judo Trainingsabend am Freitag mit den Trainern Nils und Daniel. Wir sind durchaus noch viel mehr, aber selten sind alle da. Unsere Erwachsenengruppe erfreut sich einer steigenden Zahl aktiver Judoka in den letzten Jahren, nicht zuletzt auch mit vielen Anf\u00e4ngern und Wieder-Einsteigern. Bei den G\u00fcrtelfarben ist wirklich alles dabei, es gibt keinen Grund sich nicht zu trauen, ein Probetraining ist jederzeit m\u00f6glich und wer sich nicht direkt zutraut im Stand wieder loszulegen oder gar anzufangen, der kann nat\u00fcrlich gerne am Mittwoch Abend zur Ne-Waza Trainingseinheit kommen, wo die meisten Techniken naturgem\u00e4\u00df im Boden stattfinden.<\/p>\n","protected":false},"excerpt":{"rendered":"<p>Ein gut besuchter Judo Trainingsabend am Freitag mit den Trainern Nils und Daniel. Wir sind durchaus noch viel mehr, aber selten sind alle da. Unsere Erwachsenengruppe erfreut sich einer steigenden Zahl aktiver Judoka in den letzten Jahren, nicht zuletzt auch mit vielen Anf\u00e4ngern und Wieder-Einsteigern. Bei den G\u00fcrtelfarben ist wirklich alles dabei, es gibt keinen Grund sich nicht zu trauen, ein Probetraining ist jederzeit m\u00f6glich und wer sich nicht direkt zutraut im Stand wieder loszulegen oder gar anzufangen, der kann &hellip; <\/p>\n","protected":false},"author":1,"featured_media":425,"comment_status":"closed","ping_status":"open","sticky":false,"template":"","format":"standard","meta":{"_jetpack_memberships_contains_paid_content":false,"footnotes":""},"categories":[1,4],"tags":[49,50,19,60,7,47,52],"class_list":["post-424","post","type-post","status-publish","format-standard","has-post-thumbnail","hentry","category-allgemein","category-judo","tag-anfaenger","tag-erwachsene","tag-grappling-grevenbroich","tag-grevenbroich","tag-judo","tag-tokio-hirano","tag-tv-jahn-kapellen"],"jetpack_featured_media_url":"https:\/\/judo4bjj.de\/wp-content\/uploads\/2025\/03\/Judo2025-scaled.jpeg","jetpack_sharing_enabled":true,"_links":{"self":[{"href":"https:\/\/judo4bjj.de\/index.php?rest_route=\/wp\/v2\/posts\/424","targetHints":{"allow":["GET"]}}],"collection":[{"href":"https:\/\/judo4bjj.de\/index.php?rest_route=\/wp\/v2\/posts"}],"about":[{"href":"https:\/\/judo4bjj.de\/index.php?rest_route=\/wp\/v2\/types\/post"}],"author":[{"embeddable":true,"href":"https:\/\/judo4bjj.de\/index.php?rest_route=\/wp\/v2\/users\/1"}],"replies":[{"embeddable":true,"href":"https:\/\/judo4bjj.de\/index.php?rest_route=%2Fwp%2Fv2%2Fcomments&post=424"}],"version-history":[{"count":3,"href":"https:\/\/judo4bjj.de\/index.php?rest_route=\/wp\/v2\/posts\/424\/revisions"}],"predecessor-version":[{"id":428,"href":"https:\/\/judo4bjj.de\/index.php?rest_route=\/wp\/v2\/posts\/424\/revisions\/428"}],"wp:featuredmedia":[{"embeddable":true,"href":"https:\/\/judo4bjj.de\/index.php?rest_route=\/wp\/v2\/media\/425"}],"wp:attachment":[{"href":"https:\/\/judo4bjj.de\/index.php?rest_route=%2Fwp%2Fv2%2Fmedia&parent=424"}],"wp:term":[{"taxonomy":"category","embeddable":true,"href":"https:\/\/judo4bjj.de\/index.php?rest_route=%2Fwp%2Fv2%2Fcategories&post=424"},{"taxonomy":"post_tag","embeddable":true,"href":"https:\/\/judo4bjj.de\/index.php?rest_route=%2Fwp%2Fv2%2Ftags&post=424"}],"curies":[{"name":"wp","href":"https:\/\/api.w.org\/{rel}","templated":true}]}}